{"id":272,"date":"2020-03-30T13:36:16","date_gmt":"2020-03-30T11:36:16","guid":{"rendered":"http:\/\/weiss-schwarz-lyrik.de\/?p=272"},"modified":"2021-07-13T11:12:40","modified_gmt":"2021-07-13T09:12:40","slug":"in-didnt-hear-nobody-pray","status":"publish","type":"post","link":"https:\/\/weiss-schwarz-lyrik.de\/?p=272","title":{"rendered":"In didn\u00b4t hear nobody pray"},"content":{"rendered":"\n<p><em>[in memoriam T. v. Z.]<\/em><\/p>\n\n\n\n<p>H\u00e4nde \u00fcber dem blanken Papier<br>ahnen Pfade des S\u00e4glichen<br>Geschlungen um Stunden des Reisens<br><br>Da! ein Kind schreit drau\u00dfen<br>Vor dem Kopfh\u00f6rer<br><br>Kreidefressend antwortet EC Verdi<br>Bin eure bleiche Mutter<br>Die Eile<br><br>Feuerwalzen \u00fcber dem gr\u00fcnen \u00c4quator<br>Radieren aus im Sekundentakt<br>Das flirrende Wogen der Baumriesen<br>Die Ges\u00e4nge der Br\u00fcllaffen<br>Dort so weit<br><br>Weltweites Geplapper auf den Monitoren<br>Schwerer Regen f\u00e4llt wohl schon bald<br><br><em>Oh Lord, I didn\u00b4t hear nobody pray.<\/em><\/p>\n","protected":false},"excerpt":{"rendered":"<p>[in memoriam T. v. Z.]<\/p>\n<p>H\u00e4nde \u00fcber dem blanken Papierahnen Pfade des S\u00e4glichenGeschlungen um Stunden des ReisensDa! ein Kind schreit drau\u00dfenVor dem Kopfh\u00f6rerKreidefressend antwortet EC VerdiBin eure bleiche MutterDie EileFeuerwalzen \u00fcber dem gr\u00fcnen \u00c4quatorRadieren aus im SekundentaktDas flirrende Wogen der BaumriesenDie Ges\u00e4nge der Br\u00fcllaffenDort so weitWeltweites Geplapper auf den MonitorenSchwerer Regen f\u00e4llt wohl schon baldOh Lord, I didn\u00b4t hear nobody pray.<\/p>\n","protected":false},"author":1,"featured_media":0,"comment_status":"open","ping_status":"open","sticky":false,"template":"","format":"standard","meta":{"footnotes":""},"categories":[1],"tags":[],"class_list":["post-272","post","type-post","status-publish","format-standard","hentry","category-allgemein"],"_links":{"self":[{"href":"https:\/\/weiss-schwarz-lyrik.de\/index.php?rest_route=\/wp\/v2\/posts\/272","targetHints":{"allow":["GET"]}}],"collection":[{"href":"https:\/\/weiss-schwarz-lyrik.de\/index.php?rest_route=\/wp\/v2\/posts"}],"about":[{"href":"https:\/\/weiss-schwarz-lyrik.de\/index.php?rest_route=\/wp\/v2\/types\/post"}],"author":[{"embeddable":true,"href":"https:\/\/weiss-schwarz-lyrik.de\/index.php?rest_route=\/wp\/v2\/users\/1"}],"replies":[{"embeddable":true,"href":"https:\/\/weiss-schwarz-lyrik.de\/index.php?rest_route=%2Fwp%2Fv2%2Fcomments&post=272"}],"version-history":[{"count":3,"href":"https:\/\/weiss-schwarz-lyrik.de\/index.php?rest_route=\/wp\/v2\/posts\/272\/revisions"}],"predecessor-version":[{"id":405,"href":"https:\/\/weiss-schwarz-lyrik.de\/index.php?rest_route=\/wp\/v2\/posts\/272\/revisions\/405"}],"wp:attachment":[{"href":"https:\/\/weiss-schwarz-lyrik.de\/index.php?rest_route=%2Fwp%2Fv2%2Fmedia&parent=272"}],"wp:term":[{"taxonomy":"category","embeddable":true,"href":"https:\/\/weiss-schwarz-lyrik.de\/index.php?rest_route=%2Fwp%2Fv2%2Fcategories&post=272"},{"taxonomy":"post_tag","embeddable":true,"href":"https:\/\/weiss-schwarz-lyrik.de\/index.php?rest_route=%2Fwp%2Fv2%2Ftags&post=272"}],"curies":[{"name":"wp","href":"https:\/\/api.w.org\/{rel}","templated":true}]}}