{"id":452,"date":"2025-05-20T10:33:04","date_gmt":"2025-05-20T08:33:04","guid":{"rendered":"http:\/\/weiss-schwarz-lyrik.de\/?p=452"},"modified":"2025-05-20T10:33:04","modified_gmt":"2025-05-20T08:33:04","slug":"die-nacht-im-ruecken","status":"publish","type":"post","link":"https:\/\/weiss-schwarz-lyrik.de\/?p=452","title":{"rendered":"Die Nacht im R\u00fccken"},"content":{"rendered":"\n<p>Nach vorne schleicht der kleine Zeiger<br>stolpert mit den Tr\u00e4umen \u00fcber welken Boden<br><br>Gestern riefen erste Schneeglocken<br>aus den Gr\u00e4bern nach fr\u00fcherem Licht<br><br>OUT OF THE BLACK<br>INTO THE BLUE<br><br>Jetzt pulst unter der Sch\u00e4deldecke Blut der sp\u00e4teren&nbsp; Jahre<br>ringt mit Kanonen und K\u00fcssen<br>die Lufthoheit zu erlangen<br><br>HEY HEY, MY MY<\/p>\n","protected":false},"excerpt":{"rendered":"<p>Nach vorne schleicht der kleine Zeigerstolpert mit den Tr\u00e4umen \u00fcber welken BodenGestern riefen erste Schneeglockenaus den Gr\u00e4bern nach fr\u00fcherem LichtOUT OF THE BLACKINTO THE BLUEJetzt pulst unter der Sch\u00e4deldecke Blut der sp\u00e4teren&nbsp; Jahreringt mit Kanonen und K\u00fcssendie Lufthoheit zu erlangenHEY HEY, MY MY<\/p>\n","protected":false},"author":1,"featured_media":0,"comment_status":"closed","ping_status":"closed","sticky":false,"template":"","format":"standard","meta":{"footnotes":""},"categories":[1],"tags":[],"class_list":["post-452","post","type-post","status-publish","format-standard","hentry","category-allgemein"],"_links":{"self":[{"href":"https:\/\/weiss-schwarz-lyrik.de\/index.php?rest_route=\/wp\/v2\/posts\/452","targetHints":{"allow":["GET"]}}],"collection":[{"href":"https:\/\/weiss-schwarz-lyrik.de\/index.php?rest_route=\/wp\/v2\/posts"}],"about":[{"href":"https:\/\/weiss-schwarz-lyrik.de\/index.php?rest_route=\/wp\/v2\/types\/post"}],"author":[{"embeddable":true,"href":"https:\/\/weiss-schwarz-lyrik.de\/index.php?rest_route=\/wp\/v2\/users\/1"}],"replies":[{"embeddable":true,"href":"https:\/\/weiss-schwarz-lyrik.de\/index.php?rest_route=%2Fwp%2Fv2%2Fcomments&post=452"}],"version-history":[{"count":1,"href":"https:\/\/weiss-schwarz-lyrik.de\/index.php?rest_route=\/wp\/v2\/posts\/452\/revisions"}],"predecessor-version":[{"id":453,"href":"https:\/\/weiss-schwarz-lyrik.de\/index.php?rest_route=\/wp\/v2\/posts\/452\/revisions\/453"}],"wp:attachment":[{"href":"https:\/\/weiss-schwarz-lyrik.de\/index.php?rest_route=%2Fwp%2Fv2%2Fmedia&parent=452"}],"wp:term":[{"taxonomy":"category","embeddable":true,"href":"https:\/\/weiss-schwarz-lyrik.de\/index.php?rest_route=%2Fwp%2Fv2%2Fcategories&post=452"},{"taxonomy":"post_tag","embeddable":true,"href":"https:\/\/weiss-schwarz-lyrik.de\/index.php?rest_route=%2Fwp%2Fv2%2Ftags&post=452"}],"curies":[{"name":"wp","href":"https:\/\/api.w.org\/{rel}","templated":true}]}}